{"id":35259,"date":"2025-04-29T10:12:18","date_gmt":"2025-04-29T10:12:18","guid":{"rendered":"https:\/\/minitalienproperty.com\/?p=35259"},"modified":"2025-04-29T15:43:58","modified_gmt":"2025-04-29T15:43:58","slug":"4-cose-da-sapere-prima-di-trasferirti-in-svezia","status":"publish","type":"post","link":"https:\/\/minitalienproperty.com\/da_dk\/4-cose-da-sapere-prima-di-trasferirti-in-svezia\/","title":{"rendered":"4 cose da sapere prima di trasferirti in Svezia"},"content":{"rendered":"<div data-elementor-type=\"wp-post\" data-elementor-id=\"35259\" class=\"elementor elementor-35259\" data-elementor-post-type=\"post\">\n\t\t\t\t\t\t<section class=\"elementor-section elementor-top-section elementor-element elementor-element-27e87a1 elementor-section-boxed elementor-section-height-default elementor-section-height-default\" data-id=\"27e87a1\" data-element_type=\"section\" data-e-type=\"section\">\n\t\t\t\t\t\t<div class=\"elementor-container elementor-column-gap-default\">\n\t\t\t\t\t<div class=\"elementor-column elementor-col-100 elementor-top-column elementor-element elementor-element-bc9ad18\" data-id=\"bc9ad18\" data-element_type=\"column\" data-e-type=\"column\">\n\t\t\t<div class=\"elementor-widget-wrap elementor-element-populated\">\n\t\t\t\t\t\t<div class=\"elementor-element elementor-element-f45bfe4 elementor-widget elementor-widget-heading\" data-id=\"f45bfe4\" data-element_type=\"widget\" data-e-type=\"widget\" data-widget_type=\"heading.default\">\n\t\t\t\t<div class=\"elementor-widget-container\">\n\t\t\t\t\t<h2 class=\"elementor-heading-title elementor-size-default\">I vantaggi di vivere in Svezia<\/h2>\t\t\t\t<\/div>\n\t\t\t\t<\/div>\n\t\t\t\t\t<\/div>\n\t\t<\/div>\n\t\t\t\t\t<\/div>\n\t\t<\/section>\n\t\t\t\t<section class=\"elementor-section elementor-top-section elementor-element elementor-element-d658f71 elementor-section-boxed elementor-section-height-default elementor-section-height-default\" data-id=\"d658f71\" data-element_type=\"section\" data-e-type=\"section\">\n\t\t\t\t\t\t<div class=\"elementor-container elementor-column-gap-default\">\n\t\t\t\t\t<div class=\"elementor-column elementor-col-100 elementor-top-column elementor-element elementor-element-a2eaf41\" data-id=\"a2eaf41\" data-element_type=\"column\" data-e-type=\"column\">\n\t\t\t<div class=\"elementor-widget-wrap elementor-element-populated\">\n\t\t\t\t\t\t<div class=\"elementor-element elementor-element-04b7d8d elementor-widget elementor-widget-text-editor\" data-id=\"04b7d8d\" data-element_type=\"widget\" data-e-type=\"widget\" data-widget_type=\"text-editor.default\">\n\t\t\t\t<div class=\"elementor-widget-container\">\n\t\t\t\t\t\t\t\t\t<p>Oltre alla famosa bellezza naturale dei paesaggi innevati, delle citt\u00e0 di livello mondiale e dell&#8217;aurora boreale della Svezia, per non parlare della bellezza naturale dei suoi splendidi cittadini, i vantaggi di vivere in Svezia includono anche la sua reputazione per la qualit\u00e0 della vita.<\/p><p>A ci\u00f2 si aggiunge una meritata reputazione per l&#8217;ordine scandinavo, le citt\u00e0 incontaminate, gli ottimi trasporti pubblici, l&#8217;assistenza sociale di fama mondiale, un&#8217;economia prospera e il perennemente elevato standard di vita della Svezia.<\/p><p>\u00a0<\/p><p>\u00c8 comprensibile il motivo per cui persone provenienti da tutto il mondo siano interessate alla possibilit\u00e0 di aprire un nuovo capitolo della loro vita vivendo in Svezia.<\/p><p>\u00a0<\/p><p>Ma cosa devi sapere sul trasferimento in Svezia prima di fare il grande passo?<\/p><p>Ecco una introduzione per iniziare il tuo viaggio verso il trasferimento in Svezia e per dare uno sguardo approfondito ad alcune delle informazioni pi\u00f9 vitali.<\/p>\t\t\t\t\t\t\t\t<\/div>\n\t\t\t\t<\/div>\n\t\t\t\t\t<\/div>\n\t\t<\/div>\n\t\t\t\t\t<\/div>\n\t\t<\/section>\n\t\t\t\t<section class=\"elementor-section elementor-top-section elementor-element elementor-element-9b26d45 elementor-section-boxed elementor-section-height-default elementor-section-height-default\" data-id=\"9b26d45\" data-element_type=\"section\" data-e-type=\"section\">\n\t\t\t\t\t\t<div class=\"elementor-container elementor-column-gap-default\">\n\t\t\t\t\t<div class=\"elementor-column elementor-col-100 elementor-top-column elementor-element elementor-element-4691091\" data-id=\"4691091\" data-element_type=\"column\" data-e-type=\"column\">\n\t\t\t<div class=\"elementor-widget-wrap elementor-element-populated\">\n\t\t\t\t\t\t<div class=\"elementor-element elementor-element-19f9045 elementor-widget elementor-widget-image\" data-id=\"19f9045\" data-element_type=\"widget\" data-e-type=\"widget\" data-widget_type=\"image.default\">\n\t\t\t\t<div class=\"elementor-widget-container\">\n\t\t\t\t\t\t\t\t\t\t\t\t\t\t\t<img fetchpriority=\"high\" decoding=\"async\" width=\"2048\" height=\"1165\" src=\"https:\/\/minitalienproperty.com\/wp-content\/uploads\/2023\/08\/stockholm-passeggiata.jpg\" class=\"attachment-2048x2048 size-2048x2048 wp-image-36254\" alt=\"\" srcset=\"https:\/\/minitalienproperty.com\/wp-content\/uploads\/2023\/08\/stockholm-passeggiata.jpg 2048w, https:\/\/minitalienproperty.com\/wp-content\/uploads\/2023\/08\/stockholm-passeggiata-300x171.jpg 300w, https:\/\/minitalienproperty.com\/wp-content\/uploads\/2023\/08\/stockholm-passeggiata-1024x583.jpg 1024w, https:\/\/minitalienproperty.com\/wp-content\/uploads\/2023\/08\/stockholm-passeggiata-768x437.jpg 768w, https:\/\/minitalienproperty.com\/wp-content\/uploads\/2023\/08\/stockholm-passeggiata-1536x874.jpg 1536w, https:\/\/minitalienproperty.com\/wp-content\/uploads\/2023\/08\/stockholm-passeggiata-600x341.jpg 600w\" sizes=\"(max-width: 2048px) 100vw, 2048px\" \/>\t\t\t\t\t\t\t\t\t\t\t\t\t\t\t<\/div>\n\t\t\t\t<\/div>\n\t\t\t\t\t<\/div>\n\t\t<\/div>\n\t\t\t\t\t<\/div>\n\t\t<\/section>\n\t\t\t\t<section class=\"elementor-section elementor-top-section elementor-element elementor-element-c824ff3 elementor-section-boxed elementor-section-height-default elementor-section-height-default\" data-id=\"c824ff3\" data-element_type=\"section\" data-e-type=\"section\">\n\t\t\t\t\t\t<div class=\"elementor-container elementor-column-gap-default\">\n\t\t\t\t\t<div class=\"elementor-column elementor-col-100 elementor-top-column elementor-element elementor-element-e6affa1\" data-id=\"e6affa1\" data-element_type=\"column\" data-e-type=\"column\">\n\t\t\t<div class=\"elementor-widget-wrap elementor-element-populated\">\n\t\t\t\t\t\t<div class=\"elementor-element elementor-element-3b00064 elementor-widget elementor-widget-heading\" data-id=\"3b00064\" data-element_type=\"widget\" data-e-type=\"widget\" data-widget_type=\"heading.default\">\n\t\t\t\t<div class=\"elementor-widget-container\">\n\t\t\t\t\t<h2 class=\"elementor-heading-title elementor-size-default\">Assistenza sanitaria<\/h2>\t\t\t\t<\/div>\n\t\t\t\t<\/div>\n\t\t\t\t\t<\/div>\n\t\t<\/div>\n\t\t\t\t\t<\/div>\n\t\t<\/section>\n\t\t\t\t<section class=\"elementor-section elementor-top-section elementor-element elementor-element-97f4fa0 elementor-section-boxed elementor-section-height-default elementor-section-height-default\" data-id=\"97f4fa0\" data-element_type=\"section\" data-e-type=\"section\">\n\t\t\t\t\t\t<div class=\"elementor-container elementor-column-gap-default\">\n\t\t\t\t\t<div class=\"elementor-column elementor-col-100 elementor-top-column elementor-element elementor-element-4308ebd\" data-id=\"4308ebd\" data-element_type=\"column\" data-e-type=\"column\">\n\t\t\t<div class=\"elementor-widget-wrap elementor-element-populated\">\n\t\t\t\t\t\t<div class=\"elementor-element elementor-element-28d252a elementor-widget elementor-widget-text-editor\" data-id=\"28d252a\" data-element_type=\"widget\" data-e-type=\"widget\" data-widget_type=\"text-editor.default\">\n\t\t\t\t<div class=\"elementor-widget-container\">\n\t\t\t\t\t\t\t\t\t<p>Come tutti i paesi scandinavi, se vivi in \u200b\u200bSvezia scoprirai presto che questo paese \u00e8 orgoglioso di prendersi cura della salute dei suoi cittadini \u2013 e anche degli altri residenti.<\/p><p>Considerando che la Svezia investe quasi il 10% del PIL nazionale nella sanit\u00e0, ci\u00f2 ha senso. Ci\u00f2 significa che tutti, compresi i cittadini non svedesi, ottengono un\u2019incredibile copertura sanitaria a un costo ridicolmente basso.<\/p><p>\u00a0<\/p><p>Se hai meno di 20 anni l&#8217;assistenza sanitaria \u00e8 completamente gratuita<\/p>\t\t\t\t\t\t\t\t<\/div>\n\t\t\t\t<\/div>\n\t\t\t\t\t<\/div>\n\t\t<\/div>\n\t\t\t\t\t<\/div>\n\t\t<\/section>\n\t\t\t\t<section class=\"elementor-section elementor-top-section elementor-element elementor-element-a2cfd07 elementor-section-boxed elementor-section-height-default elementor-section-height-default\" data-id=\"a2cfd07\" data-element_type=\"section\" data-e-type=\"section\">\n\t\t\t\t\t\t<div class=\"elementor-container elementor-column-gap-default\">\n\t\t\t\t\t<div class=\"elementor-column elementor-col-100 elementor-top-column elementor-element elementor-element-0f6f42b\" data-id=\"0f6f42b\" data-element_type=\"column\" data-e-type=\"column\">\n\t\t\t<div class=\"elementor-widget-wrap elementor-element-populated\">\n\t\t\t\t\t\t<div class=\"elementor-element elementor-element-a5373c1 elementor-widget elementor-widget-heading\" data-id=\"a5373c1\" data-element_type=\"widget\" data-e-type=\"widget\" data-widget_type=\"heading.default\">\n\t\t\t\t<div class=\"elementor-widget-container\">\n\t\t\t\t\t<h2 class=\"elementor-heading-title elementor-size-default\">Luogo di lavoro<\/h2>\t\t\t\t<\/div>\n\t\t\t\t<\/div>\n\t\t\t\t\t<\/div>\n\t\t<\/div>\n\t\t\t\t\t<\/div>\n\t\t<\/section>\n\t\t\t\t<section class=\"elementor-section elementor-top-section elementor-element elementor-element-f76b26d elementor-section-boxed elementor-section-height-default elementor-section-height-default\" data-id=\"f76b26d\" data-element_type=\"section\" data-e-type=\"section\">\n\t\t\t\t\t\t<div class=\"elementor-container elementor-column-gap-default\">\n\t\t\t\t\t<div class=\"elementor-column elementor-col-100 elementor-top-column elementor-element elementor-element-55bd8b7\" data-id=\"55bd8b7\" data-element_type=\"column\" data-e-type=\"column\">\n\t\t\t<div class=\"elementor-widget-wrap elementor-element-populated\">\n\t\t\t\t\t\t<div class=\"elementor-element elementor-element-f79ed78 elementor-widget elementor-widget-text-editor\" data-id=\"f79ed78\" data-element_type=\"widget\" data-e-type=\"widget\" data-widget_type=\"text-editor.default\">\n\t\t\t\t<div class=\"elementor-widget-container\">\n\t\t\t\t\t\t\t\t\t<p>Oltre all\u2019assistenza sanitaria, ci sono anche i vantaggi che la vita in Svezia offre a chi lavora: svedesi e non.<\/p><p>\u00a0<\/p><p><strong>Nuovi genitori<\/strong>:<\/p><p>18 mesi di congedo sia per il padre che per la madre per prendersi cura del neonato, con il lavoro completamente assicurato, che vi aspetta al vostro ritorno.<\/p><p>\u00a0<\/p><p><strong>Istruzione<\/strong>:<\/p><p>E quel bambino che hai appena avuto \u2013 non devi preoccuparti di pagare per la sua istruzione perch\u00e9 il tuo Paese e i tuoi connazionali svedesi ti sostengono: l\u2019istruzione \u00e8 completamente gratuita.<\/p><p>\u00a0<\/p><p><strong>Ferie<\/strong>:<\/p><p>Non solo, trasferirsi in Svezia ti garantisce ferie e congedi per malattia tra i pi\u00f9 generosi al mondo.<\/p><p>\u00a0<\/p><p><strong>Perdita del lavoro<\/strong>:<\/p><p>Nel caso di perdita del proprio lavoro i sindacati sono forti e l\u2019Autorit\u00e0 svedese per l\u2019ambiente di lavoro si prende cura dei lavoratori e ha un ruolo forte nel impedire alle aziende di abusare dei propri dipendenti o di licenziarli senza motivo.<\/p><p>\u00a0<\/p><p><strong>Disoccupazione<\/strong>:<\/p><p>Ma se ti ritrovi ancora senza lavoro per qualsiasi motivo, lo Stato si prender\u00e0 cura di te finch\u00e9 non avrai la possibilit\u00e0 di trovare un altro lavoro.<\/p>\t\t\t\t\t\t\t\t<\/div>\n\t\t\t\t<\/div>\n\t\t\t\t\t<\/div>\n\t\t<\/div>\n\t\t\t\t\t<\/div>\n\t\t<\/section>\n\t\t\t\t<section class=\"elementor-section elementor-top-section elementor-element elementor-element-37db50a elementor-section-full_width elementor-section-height-default elementor-section-height-default\" data-id=\"37db50a\" data-element_type=\"section\" data-e-type=\"section\">\n\t\t\t\t\t\t<div class=\"elementor-container elementor-column-gap-default\">\n\t\t\t\t\t<div class=\"elementor-column elementor-col-100 elementor-top-column elementor-element elementor-element-b20266c\" data-id=\"b20266c\" data-element_type=\"column\" data-e-type=\"column\">\n\t\t\t<div class=\"elementor-widget-wrap elementor-element-populated\">\n\t\t\t\t\t\t<div class=\"elementor-element elementor-element-de0d7e7 elementor-widget elementor-widget-image\" data-id=\"de0d7e7\" data-element_type=\"widget\" data-e-type=\"widget\" data-widget_type=\"image.default\">\n\t\t\t\t<div class=\"elementor-widget-container\">\n\t\t\t\t\t\t\t\t\t\t\t\t\t\t\t<img decoding=\"async\" width=\"640\" height=\"427\" src=\"https:\/\/minitalienproperty.com\/wp-content\/uploads\/2023\/08\/Blog4-1024x683.jpg\" class=\"attachment-large size-large wp-image-36280\" alt=\"\" srcset=\"https:\/\/minitalienproperty.com\/wp-content\/uploads\/2023\/08\/Blog4-1024x683.jpg 1024w, https:\/\/minitalienproperty.com\/wp-content\/uploads\/2023\/08\/Blog4-300x200.jpg 300w, https:\/\/minitalienproperty.com\/wp-content\/uploads\/2023\/08\/Blog4-768x512.jpg 768w, https:\/\/minitalienproperty.com\/wp-content\/uploads\/2023\/08\/Blog4-1536x1024.jpg 1536w, https:\/\/minitalienproperty.com\/wp-content\/uploads\/2023\/08\/Blog4-600x400.jpg 600w, https:\/\/minitalienproperty.com\/wp-content\/uploads\/2023\/08\/Blog4.jpg 1920w\" sizes=\"(max-width: 640px) 100vw, 640px\" \/>\t\t\t\t\t\t\t\t\t\t\t\t\t\t\t<\/div>\n\t\t\t\t<\/div>\n\t\t\t\t\t<\/div>\n\t\t<\/div>\n\t\t\t\t\t<\/div>\n\t\t<\/section>\n\t\t\t\t<section class=\"elementor-section elementor-top-section elementor-element elementor-element-9ad5673 elementor-section-boxed elementor-section-height-default elementor-section-height-default\" data-id=\"9ad5673\" data-element_type=\"section\" data-e-type=\"section\">\n\t\t\t\t\t\t<div class=\"elementor-container elementor-column-gap-default\">\n\t\t\t\t\t<div class=\"elementor-column elementor-col-100 elementor-top-column elementor-element elementor-element-7bc6ed5\" data-id=\"7bc6ed5\" data-element_type=\"column\" data-e-type=\"column\">\n\t\t\t<div class=\"elementor-widget-wrap elementor-element-populated\">\n\t\t\t\t\t\t<div class=\"elementor-element elementor-element-fb63d9f elementor-widget elementor-widget-heading\" data-id=\"fb63d9f\" data-element_type=\"widget\" data-e-type=\"widget\" data-widget_type=\"heading.default\">\n\t\t\t\t<div class=\"elementor-widget-container\">\n\t\t\t\t\t<h2 class=\"elementor-heading-title elementor-size-default\">Parit\u00e0 di diritti<\/h2>\t\t\t\t<\/div>\n\t\t\t\t<\/div>\n\t\t\t\t\t<\/div>\n\t\t<\/div>\n\t\t\t\t\t<\/div>\n\t\t<\/section>\n\t\t\t\t<section class=\"elementor-section elementor-top-section elementor-element elementor-element-5693017 elementor-section-boxed elementor-section-height-default elementor-section-height-default\" data-id=\"5693017\" data-element_type=\"section\" data-e-type=\"section\">\n\t\t\t\t\t\t<div class=\"elementor-container elementor-column-gap-default\">\n\t\t\t\t\t<div class=\"elementor-column elementor-col-100 elementor-top-column elementor-element elementor-element-6163a44\" data-id=\"6163a44\" data-element_type=\"column\" data-e-type=\"column\">\n\t\t\t<div class=\"elementor-widget-wrap elementor-element-populated\">\n\t\t\t\t\t\t<div class=\"elementor-element elementor-element-71d1753 elementor-widget elementor-widget-text-editor\" data-id=\"71d1753\" data-element_type=\"widget\" data-e-type=\"widget\" data-widget_type=\"text-editor.default\">\n\t\t\t\t<div class=\"elementor-widget-container\">\n\t\t\t\t\t\t\t\t\t<p>Un\u2019altra serie di vantaggi correlati che derivano dal trasferirsi in Svezia per vivere e lavorare \u00e8 che \u00e8 uno dei paesi pi\u00f9 equi al mondo. La Svezia si colloca ai primi posti in quasi ogni misura di libert\u00e0 personale esistente (nel 2018 la Svezia era a pari merito con la Norvegia per la posizione numero 1 nell\u2019indice Freedom House).<\/p><p>\u00a0<\/p><p>E, naturalmente, la Svezia dispone di una forte legislazione antidiscriminatoria che previene i pregiudizi basati su genere, razza, religione, et\u00e0, orientamento sessuale o capacit\u00e0 funzionali.<\/p><p><br \/>Un altro aspetto della natura egualitaria della societ\u00e0 svedese che noterai subito quando ti trasferirai in Svezia \u00e8 che la vita l\u00ec \u00e8 molto piatta, non in termini di mancanza di montagne o noia, ma in termini di gerarchia e rango sociale.<\/p><p>Imparerai presto che i medici, i dirigenti, i professori e persino i politici vengono generalmente chiamati per nome.<\/p>\t\t\t\t\t\t\t\t<\/div>\n\t\t\t\t<\/div>\n\t\t\t\t\t<\/div>\n\t\t<\/div>\n\t\t\t\t\t<\/div>\n\t\t<\/section>\n\t\t\t\t<section class=\"elementor-section elementor-top-section elementor-element elementor-element-0569f0d elementor-section-boxed elementor-section-height-default elementor-section-height-default\" data-id=\"0569f0d\" data-element_type=\"section\" data-e-type=\"section\">\n\t\t\t\t\t\t<div class=\"elementor-container elementor-column-gap-default\">\n\t\t\t\t\t<div class=\"elementor-column elementor-col-100 elementor-top-column elementor-element elementor-element-880bc82\" data-id=\"880bc82\" data-element_type=\"column\" data-e-type=\"column\">\n\t\t\t<div class=\"elementor-widget-wrap elementor-element-populated\">\n\t\t\t\t\t\t<div class=\"elementor-element elementor-element-421f3bc elementor-widget elementor-widget-heading\" data-id=\"421f3bc\" data-element_type=\"widget\" data-e-type=\"widget\" data-widget_type=\"heading.default\">\n\t\t\t\t<div class=\"elementor-widget-container\">\n\t\t\t\t\t<h2 class=\"elementor-heading-title elementor-size-default\">Costo della vita<\/h2>\t\t\t\t<\/div>\n\t\t\t\t<\/div>\n\t\t\t\t\t<\/div>\n\t\t<\/div>\n\t\t\t\t\t<\/div>\n\t\t<\/section>\n\t\t\t\t<section class=\"elementor-section elementor-top-section elementor-element elementor-element-43d8fc8 elementor-section-boxed elementor-section-height-default elementor-section-height-default\" data-id=\"43d8fc8\" data-element_type=\"section\" data-e-type=\"section\">\n\t\t\t\t\t\t<div class=\"elementor-container elementor-column-gap-default\">\n\t\t\t\t\t<div class=\"elementor-column elementor-col-100 elementor-top-column elementor-element elementor-element-2ef5025\" data-id=\"2ef5025\" data-element_type=\"column\" data-e-type=\"column\">\n\t\t\t<div class=\"elementor-widget-wrap elementor-element-populated\">\n\t\t\t\t\t\t<div class=\"elementor-element elementor-element-32950b7 elementor-widget elementor-widget-text-editor\" data-id=\"32950b7\" data-element_type=\"widget\" data-e-type=\"widget\" data-widget_type=\"text-editor.default\">\n\t\t\t\t<div class=\"elementor-widget-container\">\n\t\t\t\t\t\t\t\t\t<p>Naturalmente, una delle prime domande che dovresti porti se stai pensando di trasferirti \u00e8 quanto \u00e8 il costo della vita in Svezia. I paesi scandinavi hanno la reputazione di essere costosi rispetto a molti altri paesi dell\u2019Europa occidentale e ad altri paesi di lingua inglese, e con buone ragioni.<\/p><p><br \/>Ma la buona notizia \u00e8 che tutto \u00e8 relativo. La Svezia \u00e8 uno dei paesi pi\u00f9 ricchi del mondo e, sebbene ci\u00f2 significhi che molti prezzi potrebbero essere leggermente pi\u00f9 alti di quelli a cui sei abituato, \u00e8 pure vero che anche gli stipendi siano pi\u00f9 alti.<\/p><p>Un\u2019altra curiosit\u00e0 interessante \u00e8 che la Svezia \u00e8 la nazione con la terza disuguaglianza di reddito pi\u00f9 bassa al mondo.<\/p><p>\u00a0<\/p><p>Un&#8217;altra domanda che molti si pongono \u00e8 qual \u00e8 lo stipendio medio in Svezia, in modo da avere una prospettiva su cosa potrebbero aspettarsi.<\/p><p>Secondo i dati del 2023, lo stipendio medio in Svezia \u00e8 di 32.800 corone svedesi cio\u00e8 3.400 euro, quindi questo contribuisce notevolmente a compensare il costo della vita in Svezia.<\/p><p>\u00a0<\/p><p>Il paese nel suo insieme e in particolare le principali citt\u00e0 di Stoccolma, G\u00f6teborg e Malm\u00f6 hanno mercati del lavoro robusti, soprattutto nei settori IT, energetico e dei media.<\/p><p>\u00a0<\/p><p>Inoltre, se fai una piccola ricerca, scoprirai che anche nella capitale Stoccolma, il costo della vita in Svezia non \u00e8 cos\u00ec alto: se facciamo un paragone con alcune importanti citt\u00e0 al mondo, secondo Expatistan, un sito che raccoglie i prezzi di articoli che vanno da una birra a un appartamento in affitto presentati da consumatori del mondo reale, il costo complessivo della vita a Stoccolma \u00e8 del 17% pi\u00f9 economico di quello di Parigi, del 34% pi\u00f9 economico di quello di Londra, e ben il 42% pi\u00f9 economico che vivere a New York City.<\/p>\t\t\t\t\t\t\t\t<\/div>\n\t\t\t\t<\/div>\n\t\t\t\t\t<\/div>\n\t\t<\/div>\n\t\t\t\t\t<\/div>\n\t\t<\/section>\n\t\t\t\t<section class=\"elementor-section elementor-top-section elementor-element elementor-element-a862f77 elementor-section-full_width elementor-section-height-default elementor-section-height-default\" data-id=\"a862f77\" data-element_type=\"section\" data-e-type=\"section\">\n\t\t\t\t\t\t<div class=\"elementor-container elementor-column-gap-default\">\n\t\t\t\t\t<div class=\"elementor-column elementor-col-100 elementor-top-column elementor-element elementor-element-f425cc6\" data-id=\"f425cc6\" data-element_type=\"column\" data-e-type=\"column\">\n\t\t\t<div class=\"elementor-widget-wrap elementor-element-populated\">\n\t\t\t\t\t\t<div class=\"elementor-element elementor-element-c364766 elementor-widget elementor-widget-image\" data-id=\"c364766\" data-element_type=\"widget\" data-e-type=\"widget\" data-widget_type=\"image.default\">\n\t\t\t\t<div class=\"elementor-widget-container\">\n\t\t\t\t\t\t\t\t\t\t\t\t\t\t\t<img decoding=\"async\" width=\"640\" height=\"427\" src=\"https:\/\/minitalienproperty.com\/wp-content\/uploads\/2023\/08\/blog3-1024x683.jpg\" class=\"attachment-large size-large wp-image-36273\" alt=\"\" srcset=\"https:\/\/minitalienproperty.com\/wp-content\/uploads\/2023\/08\/blog3-1024x683.jpg 1024w, https:\/\/minitalienproperty.com\/wp-content\/uploads\/2023\/08\/blog3-300x200.jpg 300w, https:\/\/minitalienproperty.com\/wp-content\/uploads\/2023\/08\/blog3-768x512.jpg 768w, https:\/\/minitalienproperty.com\/wp-content\/uploads\/2023\/08\/blog3-1536x1024.jpg 1536w, https:\/\/minitalienproperty.com\/wp-content\/uploads\/2023\/08\/blog3-600x400.jpg 600w, https:\/\/minitalienproperty.com\/wp-content\/uploads\/2023\/08\/blog3.jpg 1920w\" sizes=\"(max-width: 640px) 100vw, 640px\" \/>\t\t\t\t\t\t\t\t\t\t\t\t\t\t\t<\/div>\n\t\t\t\t<\/div>\n\t\t\t\t\t<\/div>\n\t\t<\/div>\n\t\t\t\t\t<\/div>\n\t\t<\/section>\n\t\t\t\t<section class=\"elementor-section elementor-top-section elementor-element elementor-element-c04d22d elementor-section-boxed elementor-section-height-default elementor-section-height-default\" data-id=\"c04d22d\" data-element_type=\"section\" data-e-type=\"section\">\n\t\t\t\t\t\t<div class=\"elementor-container elementor-column-gap-default\">\n\t\t\t\t\t<div class=\"elementor-column elementor-col-100 elementor-top-column elementor-element elementor-element-d8d72cf\" data-id=\"d8d72cf\" data-element_type=\"column\" data-e-type=\"column\" data-settings=\"{&quot;background_background&quot;:&quot;classic&quot;}\">\n\t\t\t<div class=\"elementor-widget-wrap elementor-element-populated\">\n\t\t\t\t\t\t<div class=\"elementor-element elementor-element-f769f5d elementor-widget elementor-widget-text-editor\" data-id=\"f769f5d\" data-element_type=\"widget\" data-e-type=\"widget\" data-widget_type=\"text-editor.default\">\n\t\t\t\t<div class=\"elementor-widget-container\">\n\t\t\t\t\t\t\t\t\t<h2><strong><span style=\"color: #6c7c69;\">Vuoi acquistare casa in Svezia e non sai come fare?<\/span><\/strong><\/h2><p>Con <span style=\"text-decoration: underline;\"><a href=\"https:\/\/www.minitalien.com\/minitalien-italia\/acquista-casa-in-svezia\/\" target=\"_blank\" rel=\"noopener\"><strong><span style=\"color: #6c7c69; text-decoration: underline;\">MinItalien Acquista casa in Svezia<\/span><\/strong><\/a><\/span> da oggi \u00e8 possibile. Scopri come. Segui i nostri consigli e le soluzioni pi\u00f9 adatte a te. Con MinItalien il tuo sogno pu\u00f2 diventare realt\u00e0<\/p>\t\t\t\t\t\t\t\t<\/div>\n\t\t\t\t<\/div>\n\t\t\t\t\t<\/div>\n\t\t<\/div>\n\t\t\t\t\t<\/div>\n\t\t<\/section>\n\t\t\t\t<\/div>","protected":false},"excerpt":{"rendered":"<p>I vantaggi di vivere in Svezia Oltre alla famosa bellezza naturale dei paesaggi innevati, delle citt\u00e0 di livello mondiale e dell&#8217;aurora boreale della Svezia, per non parlare della bellezza naturale dei suoi splendidi cittadini, i vantaggi di vivere in Svezia includono anche la sua reputazione per la qualit\u00e0 della vita. A ci\u00f2 si aggiunge una [&hellip;]<\/p>","protected":false},"author":1,"featured_media":35267,"comment_status":"closed","ping_status":"open","sticky":false,"template":"","format":"standard","meta":{"_monsterinsights_skip_tracking":false,"_monsterinsights_sitenote_active":false,"_monsterinsights_sitenote_note":"","_monsterinsights_sitenote_category":0,"footnotes":""},"categories":[38],"tags":[],"class_list":["post-35259","post","type-post","status-publish","format-standard","has-post-thumbnail","hentry","category-live-and-work-in-sweden"],"yoast_head":"<!-- This site is optimized with the Yoast SEO plugin v26.2 - https:\/\/yoast.com\/wordpress\/plugins\/seo\/ -->\n<title>4 cose da sapere prima di trasferirti in Svezia - MinItalien Property<\/title>\n<meta name=\"description\" content=\"I vantaggi di vivere in Svezia. 4 cose da sapere prima di trasferirti in Svezia\" \/>\n<meta name=\"robots\" content=\"index, follow, max-snippet:-1, max-image-preview:large, max-video-preview:-1\" \/>\n<link rel=\"canonical\" href=\"https:\/\/minitalienproperty.com\/da_dk\/4-cose-da-sapere-prima-di-trasferirti-in-svezia\/\" \/>\n<meta property=\"og:locale\" content=\"da_DK\" \/>\n<meta property=\"og:type\" content=\"article\" \/>\n<meta property=\"og:title\" content=\"4 cose da sapere prima di trasferirti in Svezia - MinItalien Property\" \/>\n<meta property=\"og:description\" content=\"I vantaggi di vivere in Svezia. 4 cose da sapere prima di trasferirti in Svezia\" \/>\n<meta property=\"og:url\" content=\"https:\/\/minitalienproperty.com\/da_dk\/4-cose-da-sapere-prima-di-trasferirti-in-svezia\/\" \/>\n<meta property=\"og:site_name\" content=\"MinItalien Property\" \/>\n<meta property=\"article:published_time\" content=\"2025-04-29T10:12:18+00:00\" \/>\n<meta property=\"article:modified_time\" content=\"2025-04-29T15:43:58+00:00\" \/>\n<meta property=\"og:image\" content=\"https:\/\/minitalienproperty.com\/wp-content\/uploads\/2023\/08\/blog.jpg\" \/>\n\t<meta property=\"og:image:width\" content=\"1920\" \/>\n\t<meta property=\"og:image:height\" content=\"1280\" \/>\n\t<meta property=\"og:image:type\" content=\"image\/jpeg\" \/>\n<meta name=\"author\" content=\"Fran Kan\" \/>\n<meta name=\"twitter:card\" content=\"summary_large_image\" \/>\n<meta name=\"twitter:label1\" content=\"Skrevet af\" \/>\n\t<meta name=\"twitter:data1\" content=\"Fran Kan\" \/>\n\t<meta name=\"twitter:label2\" content=\"Estimeret l\u00e6setid\" \/>\n\t<meta name=\"twitter:data2\" content=\"6 minutter\" \/>\n<script type=\"application\/ld+json\" class=\"yoast-schema-graph\">{\"@context\":\"https:\/\/schema.org\",\"@graph\":[{\"@type\":\"Article\",\"@id\":\"https:\/\/minitalienproperty.com\/4-cose-da-sapere-prima-di-trasferirti-in-svezia\/#article\",\"isPartOf\":{\"@id\":\"https:\/\/minitalienproperty.com\/4-cose-da-sapere-prima-di-trasferirti-in-svezia\/\"},\"author\":{\"name\":\"Fran Kan\",\"@id\":\"https:\/\/minitalienproperty.com\/#\/schema\/person\/d3980825c728be065694ae0fe46f2f45\"},\"headline\":\"4 cose da sapere prima di trasferirti in Svezia\",\"datePublished\":\"2025-04-29T10:12:18+00:00\",\"dateModified\":\"2025-04-29T15:43:58+00:00\",\"mainEntityOfPage\":{\"@id\":\"https:\/\/minitalienproperty.com\/4-cose-da-sapere-prima-di-trasferirti-in-svezia\/\"},\"wordCount\":871,\"publisher\":{\"@id\":\"https:\/\/minitalienproperty.com\/#organization\"},\"image\":{\"@id\":\"https:\/\/minitalienproperty.com\/4-cose-da-sapere-prima-di-trasferirti-in-svezia\/#primaryimage\"},\"thumbnailUrl\":\"https:\/\/minitalienproperty.com\/wp-content\/uploads\/2023\/08\/blog.jpg\",\"articleSection\":[\"Live and work in Sweden\"],\"inLanguage\":\"da-DK\"},{\"@type\":\"WebPage\",\"@id\":\"https:\/\/minitalienproperty.com\/4-cose-da-sapere-prima-di-trasferirti-in-svezia\/\",\"url\":\"https:\/\/minitalienproperty.com\/4-cose-da-sapere-prima-di-trasferirti-in-svezia\/\",\"name\":\"4 cose da sapere prima di trasferirti in Svezia - MinItalien Property\",\"isPartOf\":{\"@id\":\"https:\/\/minitalienproperty.com\/#website\"},\"primaryImageOfPage\":{\"@id\":\"https:\/\/minitalienproperty.com\/4-cose-da-sapere-prima-di-trasferirti-in-svezia\/#primaryimage\"},\"image\":{\"@id\":\"https:\/\/minitalienproperty.com\/4-cose-da-sapere-prima-di-trasferirti-in-svezia\/#primaryimage\"},\"thumbnailUrl\":\"https:\/\/minitalienproperty.com\/wp-content\/uploads\/2023\/08\/blog.jpg\",\"datePublished\":\"2025-04-29T10:12:18+00:00\",\"dateModified\":\"2025-04-29T15:43:58+00:00\",\"description\":\"I vantaggi di vivere in Svezia. 4 cose da sapere prima di trasferirti in Svezia\",\"breadcrumb\":{\"@id\":\"https:\/\/minitalienproperty.com\/4-cose-da-sapere-prima-di-trasferirti-in-svezia\/#breadcrumb\"},\"inLanguage\":\"da-DK\",\"potentialAction\":[{\"@type\":\"ReadAction\",\"target\":[\"https:\/\/minitalienproperty.com\/4-cose-da-sapere-prima-di-trasferirti-in-svezia\/\"]}]},{\"@type\":\"ImageObject\",\"inLanguage\":\"da-DK\",\"@id\":\"https:\/\/minitalienproperty.com\/4-cose-da-sapere-prima-di-trasferirti-in-svezia\/#primaryimage\",\"url\":\"https:\/\/minitalienproperty.com\/wp-content\/uploads\/2023\/08\/blog.jpg\",\"contentUrl\":\"https:\/\/minitalienproperty.com\/wp-content\/uploads\/2023\/08\/blog.jpg\",\"width\":1920,\"height\":1280},{\"@type\":\"BreadcrumbList\",\"@id\":\"https:\/\/minitalienproperty.com\/4-cose-da-sapere-prima-di-trasferirti-in-svezia\/#breadcrumb\",\"itemListElement\":[{\"@type\":\"ListItem\",\"position\":1,\"name\":\"Home\",\"item\":\"https:\/\/minitalienproperty.com\/en\/\"},{\"@type\":\"ListItem\",\"position\":2,\"name\":\"4 cose da sapere prima di trasferirti in Svezia\"}]},{\"@type\":\"WebSite\",\"@id\":\"https:\/\/minitalienproperty.com\/#website\",\"url\":\"https:\/\/minitalienproperty.com\/\",\"name\":\"MinItalien Property\",\"description\":\"Real Estate Marketplace between Italy and Scandinavia\",\"publisher\":{\"@id\":\"https:\/\/minitalienproperty.com\/#organization\"},\"potentialAction\":[{\"@type\":\"SearchAction\",\"target\":{\"@type\":\"EntryPoint\",\"urlTemplate\":\"https:\/\/minitalienproperty.com\/?s={search_term_string}\"},\"query-input\":{\"@type\":\"PropertyValueSpecification\",\"valueRequired\":true,\"valueName\":\"search_term_string\"}}],\"inLanguage\":\"da-DK\"},{\"@type\":\"Organization\",\"@id\":\"https:\/\/minitalienproperty.com\/#organization\",\"name\":\"MinItalien Property\",\"url\":\"https:\/\/minitalienproperty.com\/\",\"logo\":{\"@type\":\"ImageObject\",\"inLanguage\":\"da-DK\",\"@id\":\"https:\/\/minitalienproperty.com\/#\/schema\/logo\/image\/\",\"url\":\"https:\/\/minitalienproperty.com\/wp-content\/uploads\/2022\/12\/200x200-Formato-senza-sottotitolo.png\",\"contentUrl\":\"https:\/\/minitalienproperty.com\/wp-content\/uploads\/2022\/12\/200x200-Formato-senza-sottotitolo.png\",\"width\":200,\"height\":104,\"caption\":\"MinItalien Property\"},\"image\":{\"@id\":\"https:\/\/minitalienproperty.com\/#\/schema\/logo\/image\/\"}},{\"@type\":\"Person\",\"@id\":\"https:\/\/minitalienproperty.com\/#\/schema\/person\/d3980825c728be065694ae0fe46f2f45\",\"name\":\"Fran Kan\",\"image\":{\"@type\":\"ImageObject\",\"inLanguage\":\"da-DK\",\"@id\":\"https:\/\/minitalienproperty.com\/#\/schema\/person\/image\/\",\"url\":\"https:\/\/secure.gravatar.com\/avatar\/b4b6b41e03c9af920cc32cee1d94bcc30733363923c949b9d08c360ea404ec98?s=96&d=mm&r=g\",\"contentUrl\":\"https:\/\/secure.gravatar.com\/avatar\/b4b6b41e03c9af920cc32cee1d94bcc30733363923c949b9d08c360ea404ec98?s=96&d=mm&r=g\",\"caption\":\"Fran Kan\"},\"sameAs\":[\"http:\/\/minitalienproperty.com\"],\"url\":\"https:\/\/minitalienproperty.com\/da_dk\/author\/administrator\/\"}]}<\/script>\n<!-- \/ Yoast SEO plugin. -->","yoast_head_json":{"title":"4 cose da sapere prima di trasferirti in Svezia - MinItalien Property","description":"I vantaggi di vivere in Svezia. 4 cose da sapere prima di trasferirti in Svezia","robots":{"index":"index","follow":"follow","max-snippet":"max-snippet:-1","max-image-preview":"max-image-preview:large","max-video-preview":"max-video-preview:-1"},"canonical":"https:\/\/minitalienproperty.com\/da_dk\/4-cose-da-sapere-prima-di-trasferirti-in-svezia\/","og_locale":"da_DK","og_type":"article","og_title":"4 cose da sapere prima di trasferirti in Svezia - MinItalien Property","og_description":"I vantaggi di vivere in Svezia. 4 cose da sapere prima di trasferirti in Svezia","og_url":"https:\/\/minitalienproperty.com\/da_dk\/4-cose-da-sapere-prima-di-trasferirti-in-svezia\/","og_site_name":"MinItalien Property","article_published_time":"2025-04-29T10:12:18+00:00","article_modified_time":"2025-04-29T15:43:58+00:00","og_image":[{"width":1920,"height":1280,"url":"https:\/\/minitalienproperty.com\/wp-content\/uploads\/2023\/08\/blog.jpg","type":"image\/jpeg"}],"author":"Fran Kan","twitter_card":"summary_large_image","twitter_misc":{"Skrevet af":"Fran Kan","Estimeret l\u00e6setid":"6 minutter"},"schema":{"@context":"https:\/\/schema.org","@graph":[{"@type":"Article","@id":"https:\/\/minitalienproperty.com\/4-cose-da-sapere-prima-di-trasferirti-in-svezia\/#article","isPartOf":{"@id":"https:\/\/minitalienproperty.com\/4-cose-da-sapere-prima-di-trasferirti-in-svezia\/"},"author":{"name":"Fran Kan","@id":"https:\/\/minitalienproperty.com\/#\/schema\/person\/d3980825c728be065694ae0fe46f2f45"},"headline":"4 cose da sapere prima di trasferirti in Svezia","datePublished":"2025-04-29T10:12:18+00:00","dateModified":"2025-04-29T15:43:58+00:00","mainEntityOfPage":{"@id":"https:\/\/minitalienproperty.com\/4-cose-da-sapere-prima-di-trasferirti-in-svezia\/"},"wordCount":871,"publisher":{"@id":"https:\/\/minitalienproperty.com\/#organization"},"image":{"@id":"https:\/\/minitalienproperty.com\/4-cose-da-sapere-prima-di-trasferirti-in-svezia\/#primaryimage"},"thumbnailUrl":"https:\/\/minitalienproperty.com\/wp-content\/uploads\/2023\/08\/blog.jpg","articleSection":["Live and work in Sweden"],"inLanguage":"da-DK"},{"@type":"WebPage","@id":"https:\/\/minitalienproperty.com\/4-cose-da-sapere-prima-di-trasferirti-in-svezia\/","url":"https:\/\/minitalienproperty.com\/4-cose-da-sapere-prima-di-trasferirti-in-svezia\/","name":"4 cose da sapere prima di trasferirti in Svezia - MinItalien Property","isPartOf":{"@id":"https:\/\/minitalienproperty.com\/#website"},"primaryImageOfPage":{"@id":"https:\/\/minitalienproperty.com\/4-cose-da-sapere-prima-di-trasferirti-in-svezia\/#primaryimage"},"image":{"@id":"https:\/\/minitalienproperty.com\/4-cose-da-sapere-prima-di-trasferirti-in-svezia\/#primaryimage"},"thumbnailUrl":"https:\/\/minitalienproperty.com\/wp-content\/uploads\/2023\/08\/blog.jpg","datePublished":"2025-04-29T10:12:18+00:00","dateModified":"2025-04-29T15:43:58+00:00","description":"I vantaggi di vivere in Svezia. 4 cose da sapere prima di trasferirti in Svezia","breadcrumb":{"@id":"https:\/\/minitalienproperty.com\/4-cose-da-sapere-prima-di-trasferirti-in-svezia\/#breadcrumb"},"inLanguage":"da-DK","potentialAction":[{"@type":"ReadAction","target":["https:\/\/minitalienproperty.com\/4-cose-da-sapere-prima-di-trasferirti-in-svezia\/"]}]},{"@type":"ImageObject","inLanguage":"da-DK","@id":"https:\/\/minitalienproperty.com\/4-cose-da-sapere-prima-di-trasferirti-in-svezia\/#primaryimage","url":"https:\/\/minitalienproperty.com\/wp-content\/uploads\/2023\/08\/blog.jpg","contentUrl":"https:\/\/minitalienproperty.com\/wp-content\/uploads\/2023\/08\/blog.jpg","width":1920,"height":1280},{"@type":"BreadcrumbList","@id":"https:\/\/minitalienproperty.com\/4-cose-da-sapere-prima-di-trasferirti-in-svezia\/#breadcrumb","itemListElement":[{"@type":"ListItem","position":1,"name":"Home","item":"https:\/\/minitalienproperty.com\/en\/"},{"@type":"ListItem","position":2,"name":"4 cose da sapere prima di trasferirti in Svezia"}]},{"@type":"WebSite","@id":"https:\/\/minitalienproperty.com\/#website","url":"https:\/\/minitalienproperty.com\/","name":"MinItalien Property","description":"Real Estate Marketplace between Italy and Scandinavia","publisher":{"@id":"https:\/\/minitalienproperty.com\/#organization"},"potentialAction":[{"@type":"SearchAction","target":{"@type":"EntryPoint","urlTemplate":"https:\/\/minitalienproperty.com\/?s={search_term_string}"},"query-input":{"@type":"PropertyValueSpecification","valueRequired":true,"valueName":"search_term_string"}}],"inLanguage":"da-DK"},{"@type":"Organization","@id":"https:\/\/minitalienproperty.com\/#organization","name":"MinItalien Property","url":"https:\/\/minitalienproperty.com\/","logo":{"@type":"ImageObject","inLanguage":"da-DK","@id":"https:\/\/minitalienproperty.com\/#\/schema\/logo\/image\/","url":"https:\/\/minitalienproperty.com\/wp-content\/uploads\/2022\/12\/200x200-Formato-senza-sottotitolo.png","contentUrl":"https:\/\/minitalienproperty.com\/wp-content\/uploads\/2022\/12\/200x200-Formato-senza-sottotitolo.png","width":200,"height":104,"caption":"MinItalien Property"},"image":{"@id":"https:\/\/minitalienproperty.com\/#\/schema\/logo\/image\/"}},{"@type":"Person","@id":"https:\/\/minitalienproperty.com\/#\/schema\/person\/d3980825c728be065694ae0fe46f2f45","name":"Fran Kan","image":{"@type":"ImageObject","inLanguage":"da-DK","@id":"https:\/\/minitalienproperty.com\/#\/schema\/person\/image\/","url":"https:\/\/secure.gravatar.com\/avatar\/b4b6b41e03c9af920cc32cee1d94bcc30733363923c949b9d08c360ea404ec98?s=96&d=mm&r=g","contentUrl":"https:\/\/secure.gravatar.com\/avatar\/b4b6b41e03c9af920cc32cee1d94bcc30733363923c949b9d08c360ea404ec98?s=96&d=mm&r=g","caption":"Fran Kan"},"sameAs":["http:\/\/minitalienproperty.com"],"url":"https:\/\/minitalienproperty.com\/da_dk\/author\/administrator\/"}]}},"_links":{"self":[{"href":"https:\/\/minitalienproperty.com\/da_dk\/wp-json\/wp\/v2\/posts\/35259","targetHints":{"allow":["GET"]}}],"collection":[{"href":"https:\/\/minitalienproperty.com\/da_dk\/wp-json\/wp\/v2\/posts"}],"about":[{"href":"https:\/\/minitalienproperty.com\/da_dk\/wp-json\/wp\/v2\/types\/post"}],"author":[{"embeddable":true,"href":"https:\/\/minitalienproperty.com\/da_dk\/wp-json\/wp\/v2\/users\/1"}],"replies":[{"embeddable":true,"href":"https:\/\/minitalienproperty.com\/da_dk\/wp-json\/wp\/v2\/comments?post=35259"}],"version-history":[{"count":97,"href":"https:\/\/minitalienproperty.com\/da_dk\/wp-json\/wp\/v2\/posts\/35259\/revisions"}],"predecessor-version":[{"id":36516,"href":"https:\/\/minitalienproperty.com\/da_dk\/wp-json\/wp\/v2\/posts\/35259\/revisions\/36516"}],"wp:featuredmedia":[{"embeddable":true,"href":"https:\/\/minitalienproperty.com\/da_dk\/wp-json\/wp\/v2\/media\/35267"}],"wp:attachment":[{"href":"https:\/\/minitalienproperty.com\/da_dk\/wp-json\/wp\/v2\/media?parent=35259"}],"wp:term":[{"taxonomy":"category","embeddable":true,"href":"https:\/\/minitalienproperty.com\/da_dk\/wp-json\/wp\/v2\/categories?post=35259"},{"taxonomy":"post_tag","embeddable":true,"href":"https:\/\/minitalienproperty.com\/da_dk\/wp-json\/wp\/v2\/tags?post=35259"}],"curies":[{"name":"wp","href":"https:\/\/api.w.org\/{rel}","templated":true}]}}